{"id":119085,"date":"2026-09-04T20:25:19","date_gmt":"2026-09-04T19:25:19","guid":{"rendered":"https:\/\/www.jz-heubach.de\/blog2\/?p=119085"},"modified":"2026-09-04T20:25:19","modified_gmt":"2026-09-04T19:25:19","slug":"04-09-2026-em-u21-podgorica","status":"publish","type":"post","link":"https:\/\/www.jz-heubach.de\/blog2\/2026\/09\/04\/04-09-2026-em-u21-podgorica\/","title":{"rendered":"04.09.2026 EM u21 Podgorica"},"content":{"rendered":"\n<p class=\"wp-block-paragraph\">Bei der U21-Europameisterschaft in Podgorica kam f\u00fcr Hannah M\u00fcller leider fr\u00fchzeitig das Aus. Die dreifache Deutsche Meisterin des JZ Heubach traf in ihrem Auftaktkampf in der Klasse bis 70 kg auf die \u00d6sterreicherin Leonie Bayr.<\/p>\n\n\n\n<p class=\"wp-block-paragraph\">Hannah fand zun\u00e4chst gut in den Kampf. Die k\u00f6rperlich gr\u00f6\u00dfere \u00d6sterreicherin konnte ihre Vorteile aber nutzen und setzte Hannah zunehmend unter Druck. Am Ende musste sich Hannah ihrer \u00f6sterreichischen Gegnerin geschlagen geben.<\/p>\n\n\n\n<p class=\"wp-block-paragraph\">Bayr konnte anschlie\u00dfend zwar noch einen weiteren Sieg einfahren, unterlag danach jedoch ebenfalls und musste in die Trostrunde. Damit endete das Turnier auch f\u00fcr Hannah vorzeitig.<\/p>\n\n\n\n<figure class=\"wp-block-image size-large\"><img loading=\"lazy\" decoding=\"async\" width=\"1024\" height=\"768\" src=\"https:\/\/www.jz-heubach.de\/blog2\/wp-content\/uploads\/2026\/09\/20260904_092152-1024x768.jpg\" alt=\"\" class=\"wp-image-119086\" srcset=\"https:\/\/www.jz-heubach.de\/blog2\/wp-content\/uploads\/2026\/09\/20260904_092152-1024x768.jpg 1024w, https:\/\/www.jz-heubach.de\/blog2\/wp-content\/uploads\/2026\/09\/20260904_092152-300x225.jpg 300w, https:\/\/www.jz-heubach.de\/blog2\/wp-content\/uploads\/2026\/09\/20260904_092152-768x576.jpg 768w, https:\/\/www.jz-heubach.de\/blog2\/wp-content\/uploads\/2026\/09\/20260904_092152-1536x1152.jpg 1536w, https:\/\/www.jz-heubach.de\/blog2\/wp-content\/uploads\/2026\/09\/20260904_092152-2048x1536.jpg 2048w\" sizes=\"auto, (max-width: 1024px) 100vw, 1024px\" \/><\/figure>\n","protected":false},"excerpt":{"rendered":"<p>Bei der U21-Europameisterschaft in Podgorica kam f\u00fcr Hannah M\u00fcller leider fr\u00fchzeitig das Aus. Die dreifache Deutsche Meisterin des JZ Heubach traf in ihrem Auftaktkampf in der Klasse bis 70 kg auf die \u00d6sterreicherin Leonie Bayr. Hannah fand zun\u00e4chst gut in den Kampf. Die k\u00f6rperlich gr\u00f6\u00dfere \u00d6sterreicherin konnte ihre Vorteile aber nutzen und setzte Hannah zunehmend &hellip; <a href=\"https:\/\/www.jz-heubach.de\/blog2\/2026\/09\/04\/04-09-2026-em-u21-podgorica\/\" class=\"more-link\"><span class=\"screen-reader-text\">04.09.2026 EM u21 Podgorica<\/span> weiterlesen <span class=\"meta-nav\">&rarr;<\/span><\/a><\/p>\n","protected":false},"author":2,"featured_media":0,"comment_status":"closed","ping_status":"closed","sticky":false,"template":"","format":"standard","meta":{"footnotes":""},"categories":[1],"tags":[],"class_list":["post-119085","post","type-post","status-publish","format-standard","hentry","category-allgemein"],"publishpress_future_action":{"enabled":false,"date":"2026-09-12 02:07:38","action":"change-status","newStatus":"draft","terms":[],"taxonomy":"category","extraData":[]},"publishpress_future_workflow_manual_trigger":{"enabledWorkflows":[]},"_links":{"self":[{"href":"https:\/\/www.jz-heubach.de\/blog2\/wp-json\/wp\/v2\/posts\/119085","targetHints":{"allow":["GET"]}}],"collection":[{"href":"https:\/\/www.jz-heubach.de\/blog2\/wp-json\/wp\/v2\/posts"}],"about":[{"href":"https:\/\/www.jz-heubach.de\/blog2\/wp-json\/wp\/v2\/types\/post"}],"author":[{"embeddable":true,"href":"https:\/\/www.jz-heubach.de\/blog2\/wp-json\/wp\/v2\/users\/2"}],"replies":[{"embeddable":true,"href":"https:\/\/www.jz-heubach.de\/blog2\/wp-json\/wp\/v2\/comments?post=119085"}],"version-history":[{"count":1,"href":"https:\/\/www.jz-heubach.de\/blog2\/wp-json\/wp\/v2\/posts\/119085\/revisions"}],"predecessor-version":[{"id":119087,"href":"https:\/\/www.jz-heubach.de\/blog2\/wp-json\/wp\/v2\/posts\/119085\/revisions\/119087"}],"wp:attachment":[{"href":"https:\/\/www.jz-heubach.de\/blog2\/wp-json\/wp\/v2\/media?parent=119085"}],"wp:term":[{"taxonomy":"category","embeddable":true,"href":"https:\/\/www.jz-heubach.de\/blog2\/wp-json\/wp\/v2\/categories?post=119085"},{"taxonomy":"post_tag","embeddable":true,"href":"https:\/\/www.jz-heubach.de\/blog2\/wp-json\/wp\/v2\/tags?post=119085"}],"curies":[{"name":"wp","href":"https:\/\/api.w.org\/{rel}","templated":true}]}}