{"id":119067,"date":"2026-08-30T18:47:43","date_gmt":"2026-08-30T17:47:43","guid":{"rendered":"https:\/\/www.jz-heubach.de\/blog2\/?p=119067"},"modified":"2026-08-30T18:47:43","modified_gmt":"2026-08-30T17:47:43","slug":"29-08-2026-2-bundesliga-nuernberg","status":"publish","type":"post","link":"https:\/\/www.jz-heubach.de\/blog2\/2026\/08\/30\/29-08-2026-2-bundesliga-nuernberg\/","title":{"rendered":"29.08.2026 2. Bundesliga N\u00fcrnberg"},"content":{"rendered":"\n<p class=\"wp-block-paragraph\">Was f\u00fcr ein Saisonabschluss f\u00fcr das Judozentrum Heubach! Am letzten Kampftag der 2. Judo-Bundesliga gelang dem Aufsteiger beim TV Jahn N\u00fcrnberg der erste Ausw\u00e4rtssieg der Saison. Gleichzeitig sicherte sich das Team damit endg\u00fcltig den Klassenerhalt.<\/p>\n\n\n\n<p class=\"wp-block-paragraph\">Dabei begann der Kampftag denkbar ungl\u00fccklich: Nach einem 0:3-R\u00fcckstand startete das JZ Heubach eine starke Aufholjagd. Tobias Wirth, Kai Klein, Quentin Kucharczyk und Axel Kohler drehten den ersten Durchgang und brachten Heubach mit 4:3 in F\u00fchrung.<\/p>\n\n\n\n<p class=\"wp-block-paragraph\">Auch im zweiten Durchgang blieb es spannend. Samuel Simon, Tobias Wirth und Kai Klein punkteten f\u00fcr Heubach. Beim Stand von 7:6 musste schlie\u00dflich Axel Kohler in der Klasse \u00fcber 100 kg den entscheidenden Kampf bestreiten. Mit einer Kontertechnik bezwang er Christian Struck und machte den 8:6-Ausw\u00e4rtssieg perfekt.<\/p>\n\n\n\n<p class=\"wp-block-paragraph\">Damit beendet das Judozentrum Heubach seine erste Saison in der 2. Judo-Bundesliga auf einem starken 5. Platz und sichert sich souver\u00e4n den Klassenerhalt.<\/p>\n\n\n\n<figure class=\"wp-block-gallery has-nested-images columns-default is-cropped wp-block-gallery-1 is-layout-flex wp-block-gallery-is-layout-flex\">\n<figure class=\"wp-block-image size-large\"><img loading=\"lazy\" decoding=\"async\" width=\"1024\" height=\"600\" data-id=\"119052\" src=\"https:\/\/www.jz-heubach.de\/blog2\/wp-content\/uploads\/2026\/08\/20260829_200458-1-1024x600.jpg\" alt=\"\" class=\"wp-image-119052\" srcset=\"https:\/\/www.jz-heubach.de\/blog2\/wp-content\/uploads\/2026\/08\/20260829_200458-1-1024x600.jpg 1024w, https:\/\/www.jz-heubach.de\/blog2\/wp-content\/uploads\/2026\/08\/20260829_200458-1-300x176.jpg 300w, https:\/\/www.jz-heubach.de\/blog2\/wp-content\/uploads\/2026\/08\/20260829_200458-1-768x450.jpg 768w, https:\/\/www.jz-heubach.de\/blog2\/wp-content\/uploads\/2026\/08\/20260829_200458-1-1536x901.jpg 1536w, https:\/\/www.jz-heubach.de\/blog2\/wp-content\/uploads\/2026\/08\/20260829_200458-1-2048x1201.jpg 2048w\" sizes=\"auto, (max-width: 1024px) 100vw, 1024px\" \/><\/figure>\n\n\n\n<figure class=\"wp-block-image size-large\"><img loading=\"lazy\" decoding=\"async\" width=\"1024\" height=\"768\" data-id=\"119051\" src=\"https:\/\/www.jz-heubach.de\/blog2\/wp-content\/uploads\/2026\/08\/IMG-20260829-WA0013-1024x768.jpg\" alt=\"\" class=\"wp-image-119051\" srcset=\"https:\/\/www.jz-heubach.de\/blog2\/wp-content\/uploads\/2026\/08\/IMG-20260829-WA0013-1024x768.jpg 1024w, https:\/\/www.jz-heubach.de\/blog2\/wp-content\/uploads\/2026\/08\/IMG-20260829-WA0013-300x225.jpg 300w, https:\/\/www.jz-heubach.de\/blog2\/wp-content\/uploads\/2026\/08\/IMG-20260829-WA0013-768x576.jpg 768w, https:\/\/www.jz-heubach.de\/blog2\/wp-content\/uploads\/2026\/08\/IMG-20260829-WA0013-1536x1152.jpg 1536w, https:\/\/www.jz-heubach.de\/blog2\/wp-content\/uploads\/2026\/08\/IMG-20260829-WA0013.jpg 2000w\" sizes=\"auto, (max-width: 1024px) 100vw, 1024px\" \/><\/figure>\n\n\n\n<figure class=\"wp-block-image size-large\"><img loading=\"lazy\" decoding=\"async\" width=\"1024\" height=\"768\" data-id=\"119053\" src=\"https:\/\/www.jz-heubach.de\/blog2\/wp-content\/uploads\/2026\/08\/20260829_204157-1024x768.jpg\" alt=\"\" class=\"wp-image-119053\" srcset=\"https:\/\/www.jz-heubach.de\/blog2\/wp-content\/uploads\/2026\/08\/20260829_204157-1024x768.jpg 1024w, https:\/\/www.jz-heubach.de\/blog2\/wp-content\/uploads\/2026\/08\/20260829_204157-300x225.jpg 300w, https:\/\/www.jz-heubach.de\/blog2\/wp-content\/uploads\/2026\/08\/20260829_204157-768x576.jpg 768w, https:\/\/www.jz-heubach.de\/blog2\/wp-content\/uploads\/2026\/08\/20260829_204157-1536x1152.jpg 1536w, https:\/\/www.jz-heubach.de\/blog2\/wp-content\/uploads\/2026\/08\/20260829_204157-2048x1536.jpg 2048w\" sizes=\"auto, (max-width: 1024px) 100vw, 1024px\" \/><\/figure>\n\n\n\n<figure class=\"wp-block-image size-large\"><img loading=\"lazy\" decoding=\"async\" width=\"768\" height=\"1024\" data-id=\"119055\" src=\"https:\/\/www.jz-heubach.de\/blog2\/wp-content\/uploads\/2026\/08\/IMG-20260829-WA0015-768x1024.jpg\" alt=\"\" class=\"wp-image-119055\" srcset=\"https:\/\/www.jz-heubach.de\/blog2\/wp-content\/uploads\/2026\/08\/IMG-20260829-WA0015-768x1024.jpg 768w, https:\/\/www.jz-heubach.de\/blog2\/wp-content\/uploads\/2026\/08\/IMG-20260829-WA0015-225x300.jpg 225w, https:\/\/www.jz-heubach.de\/blog2\/wp-content\/uploads\/2026\/08\/IMG-20260829-WA0015-1152x1536.jpg 1152w, https:\/\/www.jz-heubach.de\/blog2\/wp-content\/uploads\/2026\/08\/IMG-20260829-WA0015.jpg 1500w\" sizes=\"auto, (max-width: 768px) 100vw, 768px\" \/><\/figure>\n\n\n\n<figure class=\"wp-block-image size-large\"><img loading=\"lazy\" decoding=\"async\" width=\"1024\" height=\"768\" data-id=\"119061\" src=\"https:\/\/www.jz-heubach.de\/blog2\/wp-content\/uploads\/2026\/08\/IMG-20260829-WA0010-1024x768.jpg\" alt=\"\" class=\"wp-image-119061\" srcset=\"https:\/\/www.jz-heubach.de\/blog2\/wp-content\/uploads\/2026\/08\/IMG-20260829-WA0010-1024x768.jpg 1024w, https:\/\/www.jz-heubach.de\/blog2\/wp-content\/uploads\/2026\/08\/IMG-20260829-WA0010-300x225.jpg 300w, https:\/\/www.jz-heubach.de\/blog2\/wp-content\/uploads\/2026\/08\/IMG-20260829-WA0010-768x576.jpg 768w, https:\/\/www.jz-heubach.de\/blog2\/wp-content\/uploads\/2026\/08\/IMG-20260829-WA0010-1536x1152.jpg 1536w, https:\/\/www.jz-heubach.de\/blog2\/wp-content\/uploads\/2026\/08\/IMG-20260829-WA0010.jpg 2000w\" sizes=\"auto, (max-width: 1024px) 100vw, 1024px\" \/><\/figure>\n\n\n\n<figure class=\"wp-block-image size-large\"><img loading=\"lazy\" decoding=\"async\" width=\"1024\" height=\"768\" data-id=\"119065\" src=\"https:\/\/www.jz-heubach.de\/blog2\/wp-content\/uploads\/2026\/08\/20260829_165941-1024x768.jpg\" alt=\"\" class=\"wp-image-119065\" srcset=\"https:\/\/www.jz-heubach.de\/blog2\/wp-content\/uploads\/2026\/08\/20260829_165941-1024x768.jpg 1024w, https:\/\/www.jz-heubach.de\/blog2\/wp-content\/uploads\/2026\/08\/20260829_165941-300x225.jpg 300w, https:\/\/www.jz-heubach.de\/blog2\/wp-content\/uploads\/2026\/08\/20260829_165941-768x576.jpg 768w, https:\/\/www.jz-heubach.de\/blog2\/wp-content\/uploads\/2026\/08\/20260829_165941-1536x1152.jpg 1536w, https:\/\/www.jz-heubach.de\/blog2\/wp-content\/uploads\/2026\/08\/20260829_165941-2048x1536.jpg 2048w\" sizes=\"auto, (max-width: 1024px) 100vw, 1024px\" \/><\/figure>\n\n\n\n<figure class=\"wp-block-image size-large\"><img loading=\"lazy\" decoding=\"async\" width=\"1024\" height=\"768\" data-id=\"119056\" src=\"https:\/\/www.jz-heubach.de\/blog2\/wp-content\/uploads\/2026\/08\/IMG-20260829-WA0014-1024x768.jpg\" alt=\"\" class=\"wp-image-119056\" srcset=\"https:\/\/www.jz-heubach.de\/blog2\/wp-content\/uploads\/2026\/08\/IMG-20260829-WA0014-1024x768.jpg 1024w, https:\/\/www.jz-heubach.de\/blog2\/wp-content\/uploads\/2026\/08\/IMG-20260829-WA0014-300x225.jpg 300w, https:\/\/www.jz-heubach.de\/blog2\/wp-content\/uploads\/2026\/08\/IMG-20260829-WA0014-768x576.jpg 768w, https:\/\/www.jz-heubach.de\/blog2\/wp-content\/uploads\/2026\/08\/IMG-20260829-WA0014-1536x1152.jpg 1536w, https:\/\/www.jz-heubach.de\/blog2\/wp-content\/uploads\/2026\/08\/IMG-20260829-WA0014.jpg 2000w\" sizes=\"auto, (max-width: 1024px) 100vw, 1024px\" \/><\/figure>\n<\/figure>\n","protected":false},"excerpt":{"rendered":"<p>Was f\u00fcr ein Saisonabschluss f\u00fcr das Judozentrum Heubach! Am letzten Kampftag der 2. Judo-Bundesliga gelang dem Aufsteiger beim TV Jahn N\u00fcrnberg der erste Ausw\u00e4rtssieg der Saison. Gleichzeitig sicherte sich das Team damit endg\u00fcltig den Klassenerhalt. Dabei begann der Kampftag denkbar ungl\u00fccklich: Nach einem 0:3-R\u00fcckstand startete das JZ Heubach eine starke Aufholjagd. Tobias Wirth, Kai Klein, &hellip; <a href=\"https:\/\/www.jz-heubach.de\/blog2\/2026\/08\/30\/29-08-2026-2-bundesliga-nuernberg\/\" class=\"more-link\"><span class=\"screen-reader-text\">29.08.2026 2. Bundesliga N\u00fcrnberg<\/span> weiterlesen <span class=\"meta-nav\">&rarr;<\/span><\/a><\/p>\n","protected":false},"author":2,"featured_media":0,"comment_status":"closed","ping_status":"closed","sticky":false,"template":"","format":"standard","meta":{"footnotes":""},"categories":[1],"tags":[],"class_list":["post-119067","post","type-post","status-publish","format-standard","hentry","category-allgemein"],"publishpress_future_action":{"enabled":false,"date":"2026-09-09 02:34:43","action":"change-status","newStatus":"draft","terms":[],"taxonomy":"category","extraData":[]},"publishpress_future_workflow_manual_trigger":{"enabledWorkflows":[]},"_links":{"self":[{"href":"https:\/\/www.jz-heubach.de\/blog2\/wp-json\/wp\/v2\/posts\/119067","targetHints":{"allow":["GET"]}}],"collection":[{"href":"https:\/\/www.jz-heubach.de\/blog2\/wp-json\/wp\/v2\/posts"}],"about":[{"href":"https:\/\/www.jz-heubach.de\/blog2\/wp-json\/wp\/v2\/types\/post"}],"author":[{"embeddable":true,"href":"https:\/\/www.jz-heubach.de\/blog2\/wp-json\/wp\/v2\/users\/2"}],"replies":[{"embeddable":true,"href":"https:\/\/www.jz-heubach.de\/blog2\/wp-json\/wp\/v2\/comments?post=119067"}],"version-history":[{"count":1,"href":"https:\/\/www.jz-heubach.de\/blog2\/wp-json\/wp\/v2\/posts\/119067\/revisions"}],"predecessor-version":[{"id":119068,"href":"https:\/\/www.jz-heubach.de\/blog2\/wp-json\/wp\/v2\/posts\/119067\/revisions\/119068"}],"wp:attachment":[{"href":"https:\/\/www.jz-heubach.de\/blog2\/wp-json\/wp\/v2\/media?parent=119067"}],"wp:term":[{"taxonomy":"category","embeddable":true,"href":"https:\/\/www.jz-heubach.de\/blog2\/wp-json\/wp\/v2\/categories?post=119067"},{"taxonomy":"post_tag","embeddable":true,"href":"https:\/\/www.jz-heubach.de\/blog2\/wp-json\/wp\/v2\/tags?post=119067"}],"curies":[{"name":"wp","href":"https:\/\/api.w.org\/{rel}","templated":true}]}}