{"id":118503,"date":"2026-04-27T09:09:59","date_gmt":"2026-04-27T08:09:59","guid":{"rendered":"https:\/\/www.jz-heubach.de\/blog2\/?p=118503"},"modified":"2026-04-27T09:57:37","modified_gmt":"2026-04-27T08:57:37","slug":"26-04-2026-gallusturnier-st-gallen-u15","status":"publish","type":"post","link":"https:\/\/www.jz-heubach.de\/blog2\/2026\/04\/27\/26-04-2026-gallusturnier-st-gallen-u15\/","title":{"rendered":"26.04.2026 Gallusturnier St. Gallen u15"},"content":{"rendered":"\n<p>Am zweiten Tag des gro\u00dfen Turniers in St. Gallen gingen vier Judoka der U15 beim Schweizer Sch\u00fclerturnier an den Start.<\/p>\n\n\n\n<p>In der Gewichtsklasse bis 50 kg traten Tom Marton und Tim M\u00fcller an. Tom konnte einen Kampf f\u00fcr sich entscheiden, w\u00e4hrend Tim mit zwei Siegen \u00fcberzeugte. Bei den M\u00e4dchen erreichte Yuna Lorke den 7. Platz und verbuchte ebenfalls einen Kampfsieg.<\/p>\n\n\n\n<p>In der Klasse bis 45 kg zeigte Lukas Wagner eine starke Leistung: Nach einem langen Wettkampftag sicherte er sich mit insgesamt sechs K\u00e4mpfen den 3. Platz. Seine einzige Niederlage musste er in der Hauptrunde gegen den sp\u00e4teren Turniersieger hinnehmen.<\/p>\n\n\n<div class=\"wp-block-image\">\n<figure class=\"aligncenter size-large\"><img loading=\"lazy\" decoding=\"async\" width=\"1024\" height=\"742\" src=\"https:\/\/www.jz-heubach.de\/blog2\/wp-content\/uploads\/2026\/04\/IMG-20260426-WA00581-1024x742.jpg\" alt=\"\" class=\"wp-image-118517\" style=\"aspect-ratio:1.3800637892033425\" srcset=\"https:\/\/www.jz-heubach.de\/blog2\/wp-content\/uploads\/2026\/04\/IMG-20260426-WA00581-1024x742.jpg 1024w, https:\/\/www.jz-heubach.de\/blog2\/wp-content\/uploads\/2026\/04\/IMG-20260426-WA00581-300x217.jpg 300w, https:\/\/www.jz-heubach.de\/blog2\/wp-content\/uploads\/2026\/04\/IMG-20260426-WA00581-768x556.jpg 768w, https:\/\/www.jz-heubach.de\/blog2\/wp-content\/uploads\/2026\/04\/IMG-20260426-WA00581.jpg 1074w\" sizes=\"auto, (max-width: 1024px) 100vw, 1024px\" \/><\/figure>\n<\/div>\n\n\n<p><br \/><br \/><\/p>\n","protected":false},"excerpt":{"rendered":"<p>Am zweiten Tag des gro\u00dfen Turniers in St. Gallen gingen vier Judoka der U15 beim Schweizer Sch\u00fclerturnier an den Start. In der Gewichtsklasse bis 50 kg traten Tom Marton und Tim M\u00fcller an. Tom konnte einen Kampf f\u00fcr sich entscheiden, w\u00e4hrend Tim mit zwei Siegen \u00fcberzeugte. Bei den M\u00e4dchen erreichte Yuna Lorke den 7. Platz &hellip; <a href=\"https:\/\/www.jz-heubach.de\/blog2\/2026\/04\/27\/26-04-2026-gallusturnier-st-gallen-u15\/\" class=\"more-link\"><span class=\"screen-reader-text\">26.04.2026 Gallusturnier St. Gallen u15<\/span> weiterlesen <span class=\"meta-nav\">&rarr;<\/span><\/a><\/p>\n","protected":false},"author":2,"featured_media":0,"comment_status":"closed","ping_status":"closed","sticky":false,"template":"","format":"standard","meta":{"footnotes":""},"categories":[1],"tags":[],"class_list":["post-118503","post","type-post","status-publish","format-standard","hentry","category-allgemein"],"publishpress_future_action":{"enabled":false,"date":"2026-05-04 15:25:20","action":"change-status","newStatus":"draft","terms":[],"taxonomy":"category","extraData":[]},"publishpress_future_workflow_manual_trigger":{"enabledWorkflows":[]},"_links":{"self":[{"href":"https:\/\/www.jz-heubach.de\/blog2\/wp-json\/wp\/v2\/posts\/118503","targetHints":{"allow":["GET"]}}],"collection":[{"href":"https:\/\/www.jz-heubach.de\/blog2\/wp-json\/wp\/v2\/posts"}],"about":[{"href":"https:\/\/www.jz-heubach.de\/blog2\/wp-json\/wp\/v2\/types\/post"}],"author":[{"embeddable":true,"href":"https:\/\/www.jz-heubach.de\/blog2\/wp-json\/wp\/v2\/users\/2"}],"replies":[{"embeddable":true,"href":"https:\/\/www.jz-heubach.de\/blog2\/wp-json\/wp\/v2\/comments?post=118503"}],"version-history":[{"count":3,"href":"https:\/\/www.jz-heubach.de\/blog2\/wp-json\/wp\/v2\/posts\/118503\/revisions"}],"predecessor-version":[{"id":118533,"href":"https:\/\/www.jz-heubach.de\/blog2\/wp-json\/wp\/v2\/posts\/118503\/revisions\/118533"}],"wp:attachment":[{"href":"https:\/\/www.jz-heubach.de\/blog2\/wp-json\/wp\/v2\/media?parent=118503"}],"wp:term":[{"taxonomy":"category","embeddable":true,"href":"https:\/\/www.jz-heubach.de\/blog2\/wp-json\/wp\/v2\/categories?post=118503"},{"taxonomy":"post_tag","embeddable":true,"href":"https:\/\/www.jz-heubach.de\/blog2\/wp-json\/wp\/v2\/tags?post=118503"}],"curies":[{"name":"wp","href":"https:\/\/api.w.org\/{rel}","templated":true}]}}