{"id":117254,"date":"2025-05-17T21:22:56","date_gmt":"2025-05-17T20:22:56","guid":{"rendered":"https:\/\/www.jz-heubach.de\/blog2\/?p=117254"},"modified":"2025-05-20T20:14:59","modified_gmt":"2025-05-20T19:14:59","slug":"17-05-2025-eo-benidorm","status":"publish","type":"post","link":"https:\/\/www.jz-heubach.de\/blog2\/2025\/05\/17\/17-05-2025-eo-benidorm\/","title":{"rendered":"17.05.2025 EO Benidorm"},"content":{"rendered":"\n<p>Bei den European Open in Benidorm startete Lea Schmid in der Klasse -78kg. Auf 3 gesetzt k\u00e4mpfte sie in einem scheinbar guten Pool. In einem ausgeglichenen Auftaktkampf gegen Oceane Zatchi Bi aus Frankreich gab es einen fragw\u00fcrdige Entscheidung und Lea unterlag und schied aus. <br \/><br \/>Beim anschlie\u00dfenden Trainingscamp nahmen Hannah M\u00fcller, Lea Schmid und Alina B\u00f6hm teil.<\/p>\n\n\n<div class=\"wp-block-image\">\n<figure class=\"aligncenter size-large is-resized\"><img loading=\"lazy\" decoding=\"async\" width=\"768\" height=\"1024\" src=\"https:\/\/www.jz-heubach.de\/blog2\/wp-content\/uploads\/2025\/05\/IMG-20250520-WA0004-768x1024.jpg\" alt=\"\" class=\"wp-image-117271\" style=\"width:266px;height:auto\" srcset=\"https:\/\/www.jz-heubach.de\/blog2\/wp-content\/uploads\/2025\/05\/IMG-20250520-WA0004-768x1024.jpg 768w, https:\/\/www.jz-heubach.de\/blog2\/wp-content\/uploads\/2025\/05\/IMG-20250520-WA0004-225x300.jpg 225w, https:\/\/www.jz-heubach.de\/blog2\/wp-content\/uploads\/2025\/05\/IMG-20250520-WA0004-1152x1536.jpg 1152w, https:\/\/www.jz-heubach.de\/blog2\/wp-content\/uploads\/2025\/05\/IMG-20250520-WA0004-1536x2048.jpg 1536w, https:\/\/www.jz-heubach.de\/blog2\/wp-content\/uploads\/2025\/05\/IMG-20250520-WA0004-scaled.jpg 1920w\" sizes=\"auto, (max-width: 768px) 100vw, 768px\" \/><\/figure>\n<\/div>","protected":false},"excerpt":{"rendered":"<p>Bei den European Open in Benidorm startete Lea Schmid in der Klasse -78kg. Auf 3 gesetzt k\u00e4mpfte sie in einem scheinbar guten Pool. In einem ausgeglichenen Auftaktkampf gegen Oceane Zatchi Bi aus Frankreich gab es einen fragw\u00fcrdige Entscheidung und Lea unterlag und schied aus. Beim anschlie\u00dfenden Trainingscamp nahmen Hannah M\u00fcller, Lea Schmid und Alina B\u00f6hm &hellip; <a href=\"https:\/\/www.jz-heubach.de\/blog2\/2025\/05\/17\/17-05-2025-eo-benidorm\/\" class=\"more-link\"><span class=\"screen-reader-text\">17.05.2025 EO Benidorm<\/span> weiterlesen <span class=\"meta-nav\">&rarr;<\/span><\/a><\/p>\n","protected":false},"author":2,"featured_media":0,"comment_status":"closed","ping_status":"closed","sticky":false,"template":"","format":"standard","meta":{"footnotes":""},"categories":[1],"tags":[],"class_list":["post-117254","post","type-post","status-publish","format-standard","hentry","category-allgemein"],"publishpress_future_action":{"enabled":false,"date":"2026-05-04 14:30:14","action":"change-status","newStatus":"draft","terms":[],"taxonomy":"category","extraData":[]},"publishpress_future_workflow_manual_trigger":{"enabledWorkflows":[]},"_links":{"self":[{"href":"https:\/\/www.jz-heubach.de\/blog2\/wp-json\/wp\/v2\/posts\/117254","targetHints":{"allow":["GET"]}}],"collection":[{"href":"https:\/\/www.jz-heubach.de\/blog2\/wp-json\/wp\/v2\/posts"}],"about":[{"href":"https:\/\/www.jz-heubach.de\/blog2\/wp-json\/wp\/v2\/types\/post"}],"author":[{"embeddable":true,"href":"https:\/\/www.jz-heubach.de\/blog2\/wp-json\/wp\/v2\/users\/2"}],"replies":[{"embeddable":true,"href":"https:\/\/www.jz-heubach.de\/blog2\/wp-json\/wp\/v2\/comments?post=117254"}],"version-history":[{"count":3,"href":"https:\/\/www.jz-heubach.de\/blog2\/wp-json\/wp\/v2\/posts\/117254\/revisions"}],"predecessor-version":[{"id":117272,"href":"https:\/\/www.jz-heubach.de\/blog2\/wp-json\/wp\/v2\/posts\/117254\/revisions\/117272"}],"wp:attachment":[{"href":"https:\/\/www.jz-heubach.de\/blog2\/wp-json\/wp\/v2\/media?parent=117254"}],"wp:term":[{"taxonomy":"category","embeddable":true,"href":"https:\/\/www.jz-heubach.de\/blog2\/wp-json\/wp\/v2\/categories?post=117254"},{"taxonomy":"post_tag","embeddable":true,"href":"https:\/\/www.jz-heubach.de\/blog2\/wp-json\/wp\/v2\/tags?post=117254"}],"curies":[{"name":"wp","href":"https:\/\/api.w.org\/{rel}","templated":true}]}}